{"id":1231,"date":"2026-04-28T21:18:09","date_gmt":"2026-04-28T19:18:09","guid":{"rendered":"https:\/\/www.vmcb.ch\/?p=1231"},"modified":"2026-04-28T21:18:09","modified_gmt":"2026-04-28T19:18:09","slug":"samstagsausfahrt-lampenberg","status":"publish","type":"post","link":"https:\/\/www.vmcb.ch\/?p=1231","title":{"rendered":"Samstagsausfahrt Lampenberg"},"content":{"rendered":"\n<p>Beste Bedingungen f\u00fcr eine gem\u00fctliche Ausfahrt am Samstag &#8211; f\u00fcnf VMCler trafen sich dazu in Birsfelden. Mit dabei auch Patrick S., welcher sich nicht zu schade war, seine heimischen Strassen f\u00fcr einen Tag gegen altbekanntes Terrain einzutauschen.<\/p>\n\n\n\n<p>Laszlo hatte im Vorfeld eine h\u00fcgelige Route erstellt, auf welcher er dann gleich die Verantwortung \u00fcbernahm und das Feld anf\u00fchrte. Dahinter reihten sich auch der zweite Patrick sowie Rolf und Christian ein.<\/p>\n\n\n\n<p>Nach dem Einrollen Richtung Liestal und Bubendorf stand der erste von drei Anstiegen bevor: Lampenberg. Und nicht nur bis ins Dorf hinein, sondern nat\u00fcrlich noch weiter, bis zum Abzweiger nach Arboldswil. Es folgte die steile Abfahrt ins Waldenburgertal, wo im Chalet B\u00e4umig ein Verpflegungshalt geplant war. Leider war dieses geschlossen (ge\u00f6ffnet nur auf Voranmeldung), so dass das Beizli beim Sportplatz ins Visier genommen wurde.<\/p>\n\n\n\n<figure class=\"wp-block-image size-large\"><img loading=\"lazy\" decoding=\"async\" width=\"1024\" height=\"577\" src=\"https:\/\/www.vmcb.ch\/wp-content\/uploads\/2026\/04\/2026-04-25-1024x577.jpeg\" alt=\"\" class=\"wp-image-1232\" srcset=\"https:\/\/www.vmcb.ch\/wp-content\/uploads\/2026\/04\/2026-04-25-1024x577.jpeg 1024w, https:\/\/www.vmcb.ch\/wp-content\/uploads\/2026\/04\/2026-04-25-300x169.jpeg 300w, https:\/\/www.vmcb.ch\/wp-content\/uploads\/2026\/04\/2026-04-25-768x432.jpeg 768w, https:\/\/www.vmcb.ch\/wp-content\/uploads\/2026\/04\/2026-04-25-1536x865.jpeg 1536w, https:\/\/www.vmcb.ch\/wp-content\/uploads\/2026\/04\/2026-04-25-1200x676.jpeg 1200w, https:\/\/www.vmcb.ch\/wp-content\/uploads\/2026\/04\/2026-04-25-1980x1115.jpeg 1980w, https:\/\/www.vmcb.ch\/wp-content\/uploads\/2026\/04\/2026-04-25.jpeg 2048w\" sizes=\"auto, (max-width: 1024px) 100vw, 1024px\" \/><\/figure>\n\n\n\n<p>Nach der St\u00e4rkung ging es nach Liedertswil hoch, runter nach Reigoldswil und r\u00fcber nach Bretzwil. Der zweite und dritte H\u00fcgel waren somit absolviert und via Seewen-Grellingen ging es zur Pergola in Dornach. Von dort aus, nach einer verdienten Erfrischung, machten sich alle individuell auf den Nachhauseweg.<\/p>\n","protected":false},"excerpt":{"rendered":"<p>Beste Bedingungen f\u00fcr eine gem\u00fctliche Ausfahrt am Samstag &#8211; f\u00fcnf VMCler trafen sich dazu in Birsfelden. Mit dabei auch Patrick S., welcher sich nicht zu schade war, seine heimischen Strassen f\u00fcr einen Tag gegen altbekanntes Terrain einzutauschen. Laszlo hatte im Vorfeld eine h\u00fcgelige Route erstellt, auf welcher er dann gleich die Verantwortung \u00fcbernahm und das [&hellip;]<\/p>\n","protected":false},"author":1,"featured_media":0,"comment_status":"closed","ping_status":"open","sticky":false,"template":"","format":"standard","meta":{"_jetpack_memberships_contains_paid_content":false,"footnotes":""},"categories":[9],"tags":[],"class_list":["post-1231","post","type-post","status-publish","format-standard","hentry","category-news"],"jetpack_featured_media_url":"","jetpack_sharing_enabled":true,"_links":{"self":[{"href":"https:\/\/www.vmcb.ch\/index.php?rest_route=\/wp\/v2\/posts\/1231","targetHints":{"allow":["GET"]}}],"collection":[{"href":"https:\/\/www.vmcb.ch\/index.php?rest_route=\/wp\/v2\/posts"}],"about":[{"href":"https:\/\/www.vmcb.ch\/index.php?rest_route=\/wp\/v2\/types\/post"}],"author":[{"embeddable":true,"href":"https:\/\/www.vmcb.ch\/index.php?rest_route=\/wp\/v2\/users\/1"}],"replies":[{"embeddable":true,"href":"https:\/\/www.vmcb.ch\/index.php?rest_route=%2Fwp%2Fv2%2Fcomments&post=1231"}],"version-history":[{"count":1,"href":"https:\/\/www.vmcb.ch\/index.php?rest_route=\/wp\/v2\/posts\/1231\/revisions"}],"predecessor-version":[{"id":1233,"href":"https:\/\/www.vmcb.ch\/index.php?rest_route=\/wp\/v2\/posts\/1231\/revisions\/1233"}],"wp:attachment":[{"href":"https:\/\/www.vmcb.ch\/index.php?rest_route=%2Fwp%2Fv2%2Fmedia&parent=1231"}],"wp:term":[{"taxonomy":"category","embeddable":true,"href":"https:\/\/www.vmcb.ch\/index.php?rest_route=%2Fwp%2Fv2%2Fcategories&post=1231"},{"taxonomy":"post_tag","embeddable":true,"href":"https:\/\/www.vmcb.ch\/index.php?rest_route=%2Fwp%2Fv2%2Ftags&post=1231"}],"curies":[{"name":"wp","href":"https:\/\/api.w.org\/{rel}","templated":true}]}}